{"id":1902,"date":"2022-09-09T08:53:39","date_gmt":"2022-09-09T05:53:39","guid":{"rendered":"https:\/\/mimsan.com.tr\/?p=1902"},"modified":"2022-09-09T09:00:11","modified_gmt":"2022-09-09T06:00:11","slug":"cam-teknolojisinin-uretici-ve-tedarikci-liderleri-yenilikler-icin-glasstec-fuarinda-20-23-eylul-2022-tarihlerinde-dusseldorf-almanyada-bulusuyor","status":"publish","type":"post","link":"https:\/\/mimsan.com.tr\/tr\/cam-teknolojisinin-uretici-ve-tedarikci-liderleri-yenilikler-icin-glasstec-fuarinda-20-23-eylul-2022-tarihlerinde-dusseldorf-almanyada-bulusuyor\/","title":{"rendered":"CAM TEKNOLOJ\u0130S\u0130N\u0130N \u00dcRET\u0130C\u0130 VE  TEDAR\u0130K\u00c7\u0130 L\u0130DERLER\u0130, YEN\u0130L\u0130KLER \u0130\u00c7\u0130N GLASSTEC FUARINDA  20-23 EYL\u00dcL 2022 TAR\u0130HLER\u0130NDE D\u00dcSSELDORF, ALMANYA&#8217;DA BULU\u015eUYOR."},"content":{"rendered":"<p><img decoding=\"async\" src=\"https:\/\/mimsan.com.tr\/wp-content\/uploads\/2022\/09\/glt2202_ak01_rgb01-300x159.jpg\" alt=\"\" width=\"auto\" height=\"100%\" class=\"alignnone size-medium wp-image-1897\" srcset=\"https:\/\/mimsan.com.tr\/wp-content\/uploads\/2022\/09\/glt2202_ak01_rgb01-300x159.jpg 300w, https:\/\/mimsan.com.tr\/wp-content\/uploads\/2022\/09\/glt2202_ak01_rgb01-768x406.jpg 768w, https:\/\/mimsan.com.tr\/wp-content\/uploads\/2022\/09\/glt2202_ak01_rgb01.jpg 800w\" sizes=\"(max-width: 300px) 100vw, 300px\" \/><\/p>\n<p>CAM TEKNOLOJ\u0130S\u0130N\u0130N \u00dcRET\u0130C\u0130 VE  TEDAR\u0130K\u00c7\u0130 L\u0130DERLER\u0130, YEN\u0130L\u0130KLER \u0130\u00c7\u0130N GLASSTEC FUARINDA  20-23 EYL\u00dcL 2022 TAR\u0130HLER\u0130NDE D\u00dcSSELDORF, ALMANYA  DA BULU\u015eUYOR. Sizleri de  HALL 13 \/ 13B69  no\u2019lu stand\u0131m\u0131za bekleriz<\/p>\n","protected":false},"excerpt":{"rendered":"<p>CAM TEKNOLOJ\u0130S\u0130N\u0130N \u00dcRET\u0130C\u0130 VE TEDAR\u0130K\u00c7\u0130 L\u0130DERLER\u0130, YEN\u0130L\u0130KLER \u0130\u00c7\u0130N GLASSTEC FUARINDA 20-23 EYL\u00dcL 2022 TAR\u0130HLER\u0130NDE D\u00dcSSELDORF, ALMANYA DA BULU\u015eUYOR. Sizleri de HALL 13 \/ 13B69 no\u2019lu stand\u0131m\u0131za bekleriz<\/p>\n","protected":false},"author":1,"featured_media":0,"comment_status":"closed","ping_status":"open","sticky":false,"template":"","format":"standard","meta":{"footnotes":""},"categories":[1],"tags":[],"class_list":["post-1902","post","type-post","status-publish","format-standard","hentry","category-tumhaberler-tr"],"_links":{"self":[{"href":"https:\/\/mimsan.com.tr\/tr\/wp-json\/wp\/v2\/posts\/1902"}],"collection":[{"href":"https:\/\/mimsan.com.tr\/tr\/wp-json\/wp\/v2\/posts"}],"about":[{"href":"https:\/\/mimsan.com.tr\/tr\/wp-json\/wp\/v2\/types\/post"}],"author":[{"embeddable":true,"href":"https:\/\/mimsan.com.tr\/tr\/wp-json\/wp\/v2\/users\/1"}],"replies":[{"embeddable":true,"href":"https:\/\/mimsan.com.tr\/tr\/wp-json\/wp\/v2\/comments?post=1902"}],"version-history":[{"count":9,"href":"https:\/\/mimsan.com.tr\/tr\/wp-json\/wp\/v2\/posts\/1902\/revisions"}],"predecessor-version":[{"id":1911,"href":"https:\/\/mimsan.com.tr\/tr\/wp-json\/wp\/v2\/posts\/1902\/revisions\/1911"}],"wp:attachment":[{"href":"https:\/\/mimsan.com.tr\/tr\/wp-json\/wp\/v2\/media?parent=1902"}],"wp:term":[{"taxonomy":"category","embeddable":true,"href":"https:\/\/mimsan.com.tr\/tr\/wp-json\/wp\/v2\/categories?post=1902"},{"taxonomy":"post_tag","embeddable":true,"href":"https:\/\/mimsan.com.tr\/tr\/wp-json\/wp\/v2\/tags?post=1902"}],"curies":[{"name":"wp","href":"https:\/\/api.w.org\/{rel}","templated":true}]}}